{"id":2534,"date":"2026-04-26T14:37:45","date_gmt":"2026-04-26T12:37:45","guid":{"rendered":"https:\/\/karting360.com\/index.php\/2026\/04\/26\/marc-cruz-gana-la-carrera-1-mini-del-ckcv-2026-en-motorland-aragon-tras-liderar-las-ocho-vueltas\/"},"modified":"2026-04-26T14:41:30","modified_gmt":"2026-04-26T12:41:30","slug":"marc-cruz-gana-la-carrera-1-mini-del-ckcv-2026-en-motorland-aragon-tras-liderar-las-ocho-vueltas","status":"publish","type":"post","link":"https:\/\/karting360.com\/index.php\/2026\/04\/26\/marc-cruz-gana-la-carrera-1-mini-del-ckcv-2026-en-motorland-aragon-tras-liderar-las-ocho-vueltas\/","title":{"rendered":"Marc Cruz gana la Carrera 1 Mini del CKCV 2026 en MotorLand Arag\u00f3n tras liderar las ocho vueltas"},"content":{"rendered":"<div class='booster-block booster-read-block'>\n                <div class=\"twp-read-time\">\n                \t<i class=\"booster-icon twp-clock\"><\/i> <span>Read Time:<\/span>5 Minute, 17 Second                <\/div>\n\n            <\/div><p>Marc Cruz gana la Carrera 1 Mini del CKCV 2026 en MotorLand Arag\u00f3n tras liderar de principio a fin.<\/p>\n<p>CKCV 2026 \u2013 Carrera 1 Mini | MotorLand Arag\u00f3n, Alca\u00f1iz (Espa\u00f1a) | 26 de abril de 2026<\/p>\n<p>La categor\u00eda Mini ha disputado en MotorLand Arag\u00f3n una de las carreras m\u00e1s complejas y exigentes del fin de semana, con una parrilla de m\u00e1s de 30 pilotos y una manga a 8 vueltas donde la gesti\u00f3n del tr\u00e1fico, la precisi\u00f3n en cada fase de carrera y la regularidad marcaron la diferencia.<\/p>\n<p>Control absoluto desde la pole: Cruz lidera de principio a fin<\/p>\n<p>Marc Cruz part\u00eda desde la pole position y ejecut\u00f3 una carrera impecable desde el punto de vista t\u00e9cnico, liderando las ocho vueltas sin ceder la posici\u00f3n en ning\u00fan momento. Este dominio no se tradujo en una gran ventaja, sino en un control constante de la carrera en un entorno de m\u00e1xima presi\u00f3n.<\/p>\n<p>Desde la primera vuelta, Cruz logr\u00f3 mantener un margen muy reducido sobre sus perseguidores, con diferencias en torno a dos o tres d\u00e9cimas. Su rendimiento se apoy\u00f3 en una regularidad muy s\u00f3lida, rodando de forma consistente en el rango de 1:08.6\u20131:08.9 durante toda la manga, sin ca\u00eddas de ritmo ni errores.<\/p>\n<p>Primer bloque de carrera: grupo delantero extremadamente compacto<\/p>\n<p>Las primeras vueltas definieron la estructura de la carrera. Tras la salida, se form\u00f3 un grupo delantero con varios pilotos rodando en intervalos m\u00ednimos:<\/p>\n<p>Marc Cruz<br \/>\nLeo Devahive<br \/>\nNicolas Matei<br \/>\nEydan Vaello<br \/>\nThiago Huertas<br \/>\nAdri\u00e1n Jim\u00e9nez<\/p>\n<p>Durante las vueltas 1 a 3, este grupo se mantuvo completamente compacto, con intercambios constantes entre la segunda y sexta posici\u00f3n. Las diferencias eran inferiores a medio segundo, lo que refleja un nivel de igualdad muy elevado.<\/p>\n<p>En este contexto, la posici\u00f3n en pista se convirti\u00f3 en el factor determinante, ya que adelantar sin perder tiempo resultaba extremadamente complicado.<\/p>\n<p>Fase media: consolidaci\u00f3n del podio y primeras rupturas<\/p>\n<p>A partir de la vuelta 4 y especialmente en la vuelta 5, la carrera comenz\u00f3 a reorganizarse:<\/p>\n<p>Thiago Huertas empez\u00f3 a consolidarse en la segunda posici\u00f3n, estabilizando su ritmo en torno a 1:08.5\u20131:08.6<br \/>\nAdri\u00e1n Jim\u00e9nez se posicion\u00f3 como tercer piloto m\u00e1s s\u00f3lido, sin errores y manteni\u00e9ndose dentro del grupo delantero<br \/>\nLeo Devahive, pese a su velocidad, perdi\u00f3 ligeramente contacto en momentos puntuales<\/p>\n<p>En esta fase tambi\u00e9n se observa el primer estiramiento del grupo, con peque\u00f1os huecos que empiezan a consolidarse sin llegar a romper completamente la carrera.<\/p>\n<p>Ritmo puro vs posici\u00f3n en pista: el caso Devahive<\/p>\n<p>Leo Devahive fue el piloto m\u00e1s r\u00e1pido en t\u00e9rminos absolutos, firmando la vuelta r\u00e1pida de carrera con un registro de 1:08.480. Este dato confirma que exist\u00eda potencial para luchar por la victoria.<\/p>\n<p>Sin embargo, su evoluci\u00f3n vuelta a vuelta muestra que no logr\u00f3 capitalizar ese ritmo en t\u00e9rminos de posici\u00f3n. Peque\u00f1as p\u00e9rdidas en momentos clave y la dificultad para adelantar en tr\u00e1fico le impidieron progresar m\u00e1s all\u00e1 de la cuarta posici\u00f3n final.<\/p>\n<p>Este patr\u00f3n es caracter\u00edstico de la categor\u00eda Mini: el ritmo puro tiene menos impacto que la capacidad de mantener posici\u00f3n.<\/p>\n<p>Segunda l\u00ednea competitiva: diferencias m\u00ednimas hasta el sexto clasificado<\/p>\n<p>Del cuarto al sexto puesto se configur\u00f3 un segundo grupo muy compacto:<\/p>\n<p>Leo Devahive (4\u00ba)<br \/>\nGuillem Coll (5\u00ba)<br \/>\nEydan Vaello (6\u00ba)<\/p>\n<p>Las diferencias entre ellos en meta fueron inferiores a una d\u00e9cima entre algunas posiciones, lo que evidencia una lucha constante durante toda la carrera.<\/p>\n<p>Guillem Coll destac\u00f3 por su regularidad en el ritmo, mientras que Vaello mantuvo un rendimiento estable sin grandes variaciones, lo que le permiti\u00f3 mantenerse dentro del grupo competitivo.<\/p>\n<p>Zona media: tr\u00e1fico constante y bloqueos de progresi\u00f3n<\/p>\n<p>A partir de la s\u00e9ptima posici\u00f3n, la carrera entr\u00f3 en una fase de alta densidad donde el tr\u00e1fico fue determinante.<\/p>\n<p>Pilotos como:<\/p>\n<p>Nicolas Matei (7\u00ba)<br \/>\nArturo Jer\u00f3nimo (8\u00ba)<br \/>\nJorge N\u00fa\u00f1ez (9\u00ba)<br \/>\nDani L\u00f3pez (10\u00ba)<\/p>\n<p>rodaron en un grupo donde las diferencias se manten\u00edan controladas, pero donde adelantar supon\u00eda un alto riesgo de p\u00e9rdida de tiempo.<\/p>\n<p>El an\u00e1lisis de vueltas muestra una tendencia clara:<\/p>\n<p>Ritmos agrupados en torno al 1:09 bajo<br \/>\nIntervalos muy estables<br \/>\nEscasa variabilidad de posiciones en la segunda mitad de carrera<\/p>\n<p>La presencia de pilotos de la categor\u00eda M10 dentro de este grupo a\u00f1adi\u00f3 complejidad adicional, obligando a gestionar constantemente situaciones de tr\u00e1fico y referencias distintas de ritmo.<\/p>\n<p>Fase final: estabilidad en cabeza y decisi\u00f3n por consistencia<\/p>\n<p>Las \u00faltimas vueltas no generaron cambios en las posiciones de podio, lo que refuerza la idea de que la carrera se decidi\u00f3 en la fase media.<\/p>\n<p>Marc Cruz mantuvo el control sin cometer errores, mientras que Huertas y Jim\u00e9nez aseguraron sus posiciones con una conducci\u00f3n limpia y sin riesgos innecesarios.<\/p>\n<p>La diferencia final entre el segundo y el tercer clasificado fue de apenas 0.014 segundos, lo que evidencia que la lucha por el podio se mantuvo abierta hasta la l\u00ednea de meta, aunque sin cambios de posici\u00f3n.<\/p>\n<p>Parte trasera: fragmentaci\u00f3n y penalizaciones<\/p>\n<p>En la parte final del pelot\u00f3n, la carrera se fragment\u00f3 de forma progresiva:<\/p>\n<p>Diferencias superiores a 20 segundos respecto al l\u00edder<br \/>\nIncidencias y p\u00e9rdidas de ritmo en varios pilotos<br \/>\nPenalizaciones que alteraron el resultado final<\/p>\n<p>Entre las sanciones aplicadas destacan varias penalizaciones de 5 segundos por infracciones t\u00e9cnicas, as\u00ed como una penalizaci\u00f3n de 3 segundos a Brandon Alonso, lo que afect\u00f3 directamente a la configuraci\u00f3n final de la clasificaci\u00f3n.<\/p>\n<p>Clasificaci\u00f3n final (Top 10)<br \/>\nMarc Cruz \u2013 8 vueltas<br \/>\nThiago Huertas +1.351<br \/>\nAdri\u00e1n Jim\u00e9nez +1.365<br \/>\nLeo Devahive +1.634<br \/>\nGuillem Coll +1.703<br \/>\nEydan Vaello +1.737<br \/>\nNicolas Matei +3.787<br \/>\nArturo Jer\u00f3nimo +4.726<br \/>\nJorge N\u00fa\u00f1ez +5.396<br \/>\nDani L\u00f3pez +6.707<br \/>\nConclusi\u00f3n t\u00e9cnica<\/p>\n<p>La Carrera 1 Mini del CKCV 2026 en MotorLand Arag\u00f3n confirma el patr\u00f3n estructural de la categor\u00eda: m\u00e1xima igualdad, dificultad extrema para adelantar y una dependencia cr\u00edtica de la posici\u00f3n en pista.<\/p>\n<p>Marc Cruz construy\u00f3 su victoria desde el control total de la carrera, liderando todas las vueltas y manteniendo un ritmo constante sin errores. Thiago Huertas y Adri\u00e1n Jim\u00e9nez completaron el podio gracias a su regularidad y a una correcta lectura de carrera.<\/p>\n<p>El an\u00e1lisis t\u00e9cnico evidencia que, en este contexto, la velocidad absoluta \u2014como demuestra la vuelta r\u00e1pida de Devahive\u2014 no es suficiente. La clave est\u00e1 en la consistencia, la gesti\u00f3n del tr\u00e1fico y la ejecuci\u00f3n en los momentos adecuados.<\/p>\n<p>MotorLand volvi\u00f3 a demostrar que, en Mini, cada d\u00e9cima cuenta y cada posici\u00f3n en pista es determinante.<\/p>\n        <div class=\"booster-block booster-reactions-block\">\n            <div class=\"twp-reactions-icons\">\n                \n                <div class=\"twp-reacts-wrap\">\n                    <a react-data=\"be-react-1\" post-id=\"2534\" class=\"be-face-icons un-reacted\" href=\"javascript:void(0)\">\n                        <img decoding=\"async\" src=\"https:\/\/karting360.com\/wp-content\/plugins\/booster-extension\/\/assets\/icon\/happy.svg\" alt=\"Happy\">\n                    <\/a>\n                    <div class=\"twp-reaction-title\">\n                        Happy                    <\/div>\n                    <div class=\"twp-count-percent\">\n                                                    <span style=\"display: none;\" class=\"twp-react-count\">0<\/span>\n                        \n                                                <span class=\"twp-react-percent\"><span>0<\/span> %<\/span>\n                                            <\/div>\n                <\/div>\n\n                <div class=\"twp-reacts-wrap\">\n                    <a react-data=\"be-react-2\" post-id=\"2534\" class=\"be-face-icons un-reacted\" href=\"javascript:void(0)\">\n                        <img decoding=\"async\" src=\"https:\/\/karting360.com\/wp-content\/plugins\/booster-extension\/\/assets\/icon\/sad.svg\" alt=\"Sad\">\n                    <\/a>\n                    <div class=\"twp-reaction-title\">\n                        Sad                    <\/div>\n                    <div class=\"twp-count-percent\">\n                                                    <span style=\"display: none;\" class=\"twp-react-count\">0<\/span>\n                                                                        <span class=\"twp-react-percent\"><span>0<\/span> %<\/span>\n                                            <\/div>\n                <\/div>\n\n                <div class=\"twp-reacts-wrap\">\n                    <a react-data=\"be-react-3\" post-id=\"2534\" class=\"be-face-icons un-reacted\" href=\"javascript:void(0)\">\n                        <img decoding=\"async\" src=\"https:\/\/karting360.com\/wp-content\/plugins\/booster-extension\/\/assets\/icon\/excited.svg\" alt=\"Excited\">\n                    <\/a>\n                    <div class=\"twp-reaction-title\">\n                        Excited                    <\/div>\n                    <div class=\"twp-count-percent\">\n                                                    <span style=\"display: none;\" class=\"twp-react-count\">0<\/span>\n                                                                        <span class=\"twp-react-percent\"><span>0<\/span> %<\/span>\n                                            <\/div>\n                <\/div>\n\n                <div class=\"twp-reacts-wrap\">\n                    <a react-data=\"be-react-6\" post-id=\"2534\" class=\"be-face-icons un-reacted\" href=\"javascript:void(0)\">\n                        <img decoding=\"async\" src=\"https:\/\/karting360.com\/wp-content\/plugins\/booster-extension\/\/assets\/icon\/sleepy.svg\" alt=\"Sleepy\">\n                    <\/a>\n                    <div class=\"twp-reaction-title\">\n                        Sleepy                    <\/div>\n                    <div class=\"twp-count-percent\">\n                                                    <span style=\"display: none;\" class=\"twp-react-count\">0<\/span>\n                        \n                                                <span class=\"twp-react-percent\"><span>0<\/span> %<\/span>\n                                            <\/div>\n                <\/div>\n\n                <div class=\"twp-reacts-wrap\">\n                    <a react-data=\"be-react-4\" post-id=\"2534\" class=\"be-face-icons un-reacted\" href=\"javascript:void(0)\">\n                        <img decoding=\"async\" src=\"https:\/\/karting360.com\/wp-content\/plugins\/booster-extension\/\/assets\/icon\/angry.svg\" alt=\"Angry\">\n                    <\/a>\n                    <div class=\"twp-reaction-title\">Angry<\/div>\n                    <div class=\"twp-count-percent\">\n                                                    <span style=\"display: none;\" class=\"twp-react-count\">0<\/span>\n                                                                        <span class=\"twp-react-percent\"><span>0<\/span> %<\/span>\n                        \n                    <\/div>\n                <\/div>\n\n                <div class=\"twp-reacts-wrap\">\n                    <a react-data=\"be-react-5\" post-id=\"2534\" class=\"be-face-icons un-reacted\" href=\"javascript:void(0)\">\n                        <img decoding=\"async\" src=\"https:\/\/karting360.com\/wp-content\/plugins\/booster-extension\/\/assets\/icon\/surprise.svg\" alt=\"Surprise\">\n                    <\/a>\n                    <div class=\"twp-reaction-title\">Surprise<\/div>\n                    <div class=\"twp-count-percent\">\n                                                    <span style=\"display: none;\" class=\"twp-react-count\">0<\/span>\n                                                                        <span class=\"twp-react-percent\"><span>0<\/span> %<\/span>\n                                            <\/div>\n                <\/div>\n\n            <\/div>\n        <\/div>\n\n    ","protected":false},"excerpt":{"rendered":"<p>El piloto espa\u00f1ol se destaca con un tiempo de vuelta de 1:08.678 en la \u00faltima competici\u00f3n.<\/p>\n","protected":false},"author":1,"featured_media":2535,"comment_status":"open","ping_status":"open","sticky":false,"template":"","format":"standard","meta":{"footnotes":"","jetpack_publicize_message":"","jetpack_publicize_feature_enabled":true,"jetpack_social_post_already_shared":true,"jetpack_social_options":{"image_generator_settings":{"template":"highway","default_image_id":0,"font":"","enabled":false},"version":2}},"categories":[59,28,1],"tags":[335,9,345,2,12,64],"class_list":["post-2534","post","type-post","status-publish","format-standard","has-post-thumbnail","hentry","category-campeonato-valenciano-de-karting","category-karting-espana","category-sin-categoria","tag-campeonatos-karting","tag-cek","tag-ckcv","tag-karting","tag-karting-competicion","tag-karting-espana"],"jetpack_publicize_connections":[],"_links":{"self":[{"href":"https:\/\/karting360.com\/index.php\/wp-json\/wp\/v2\/posts\/2534","targetHints":{"allow":["GET"]}}],"collection":[{"href":"https:\/\/karting360.com\/index.php\/wp-json\/wp\/v2\/posts"}],"about":[{"href":"https:\/\/karting360.com\/index.php\/wp-json\/wp\/v2\/types\/post"}],"author":[{"embeddable":true,"href":"https:\/\/karting360.com\/index.php\/wp-json\/wp\/v2\/users\/1"}],"replies":[{"embeddable":true,"href":"https:\/\/karting360.com\/index.php\/wp-json\/wp\/v2\/comments?post=2534"}],"version-history":[{"count":2,"href":"https:\/\/karting360.com\/index.php\/wp-json\/wp\/v2\/posts\/2534\/revisions"}],"predecessor-version":[{"id":2538,"href":"https:\/\/karting360.com\/index.php\/wp-json\/wp\/v2\/posts\/2534\/revisions\/2538"}],"wp:featuredmedia":[{"embeddable":true,"href":"https:\/\/karting360.com\/index.php\/wp-json\/wp\/v2\/media\/2535"}],"wp:attachment":[{"href":"https:\/\/karting360.com\/index.php\/wp-json\/wp\/v2\/media?parent=2534"}],"wp:term":[{"taxonomy":"category","embeddable":true,"href":"https:\/\/karting360.com\/index.php\/wp-json\/wp\/v2\/categories?post=2534"},{"taxonomy":"post_tag","embeddable":true,"href":"https:\/\/karting360.com\/index.php\/wp-json\/wp\/v2\/tags?post=2534"}],"curies":[{"name":"wp","href":"https:\/\/api.w.org\/{rel}","templated":true}]}}