{"id":2393,"date":"2026-03-08T13:09:59","date_gmt":"2026-03-08T12:09:59","guid":{"rendered":"https:\/\/karting360.com\/index.php\/2026\/03\/08\/enzo-prada-vidal-se-corona-en-la-primera-prueba-del-campeonato-de-castilla-y-leon-de-karting\/"},"modified":"2026-03-08T13:09:59","modified_gmt":"2026-03-08T12:09:59","slug":"enzo-prada-vidal-se-corona-en-la-primera-prueba-del-campeonato-de-castilla-y-leon-de-karting","status":"publish","type":"post","link":"https:\/\/karting360.com\/index.php\/2026\/03\/08\/enzo-prada-vidal-se-corona-en-la-primera-prueba-del-campeonato-de-castilla-y-leon-de-karting\/","title":{"rendered":"Enzo Prada Vidal se corona en la primera prueba del Campeonato de Castilla y Le\u00f3n de Karting"},"content":{"rendered":"<div class='booster-block booster-read-block'>\n                <div class=\"twp-read-time\">\n                \t<i class=\"booster-icon twp-clock\"><\/i> <span>Read Time:<\/span>1 Minute, 12 Second                <\/div>\n\n            <\/div><p>El circuito de Caba\u00f1as Raras fue el escenario de la primera prueba del Campeonato de Castilla y Le\u00f3n de Karting en la categor\u00eda Mini. Enzo Prada Vidal se alz\u00f3 con la victoria tras completar las 12 vueltas de la carrera con un tiempo total de 12:02.661, marcando adem\u00e1s la vuelta r\u00e1pida con un tiempo de 59.686 segundos.<\/p>\n<p>Aroa Fern\u00e1ndez V\u00e1zquez, quien termin\u00f3 en segunda posici\u00f3n, cruz\u00f3 la l\u00ednea de meta con un tiempo total de 12:08.945, a 6.284 segundos del l\u00edder. Fern\u00e1ndez V\u00e1zquez mostr\u00f3 un rendimiento constante a lo largo de la carrera, manteni\u00e9ndose siempre en la lucha por las primeras posiciones.<\/p>\n<p>El tercer puesto fue para Bruno \u00c1lvarez Garc\u00eda, quien complet\u00f3 la carrera en 12:13.163. \u00c1lvarez Garc\u00eda logr\u00f3 mantener un ritmo competitivo, asegurando su lugar en el podio a pesar de la presi\u00f3n de sus rivales.<\/p>\n<p>Enol Ponte Gonz\u00e1lez finaliz\u00f3 en cuarta posici\u00f3n con un tiempo de 12:13.733, seguido muy de cerca por Izaro Garc\u00eda Enr\u00edquez, quien complet\u00f3 las 12 vueltas en 12:13.966. Ambos pilotos demostraron gran habilidad y determinaci\u00f3n, protagonizando emocionantes duelos en pista.<\/p>\n<p>La carrera en Caba\u00f1as Raras no solo destac\u00f3 por la competitividad de los participantes, sino tambi\u00e9n por el ambiente vibrante y la emoci\u00f3n que caracteriza al Campeonato de Castilla y Le\u00f3n de Karting. Con esta primera prueba, el campeonato promete ser una temporada llena de acci\u00f3n y talento emergente en el mundo del karting.<\/p>\n        <div class=\"booster-block booster-reactions-block\">\n            <div class=\"twp-reactions-icons\">\n                \n                <div class=\"twp-reacts-wrap\">\n                    <a react-data=\"be-react-1\" post-id=\"2393\" class=\"be-face-icons un-reacted\" href=\"javascript:void(0)\">\n                        <img decoding=\"async\" src=\"https:\/\/karting360.com\/wp-content\/plugins\/booster-extension\/\/assets\/icon\/happy.svg\" alt=\"Happy\">\n                    <\/a>\n                    <div class=\"twp-reaction-title\">\n                        Happy                    <\/div>\n                    <div class=\"twp-count-percent\">\n                                                    <span style=\"display: none;\" class=\"twp-react-count\">0<\/span>\n                        \n                                                <span class=\"twp-react-percent\"><span>0<\/span> %<\/span>\n                                            <\/div>\n                <\/div>\n\n                <div class=\"twp-reacts-wrap\">\n                    <a react-data=\"be-react-2\" post-id=\"2393\" class=\"be-face-icons un-reacted\" href=\"javascript:void(0)\">\n                        <img decoding=\"async\" src=\"https:\/\/karting360.com\/wp-content\/plugins\/booster-extension\/\/assets\/icon\/sad.svg\" alt=\"Sad\">\n                    <\/a>\n                    <div class=\"twp-reaction-title\">\n                        Sad                    <\/div>\n                    <div class=\"twp-count-percent\">\n                                                    <span style=\"display: none;\" class=\"twp-react-count\">0<\/span>\n                                                                        <span class=\"twp-react-percent\"><span>0<\/span> %<\/span>\n                                            <\/div>\n                <\/div>\n\n                <div class=\"twp-reacts-wrap\">\n                    <a react-data=\"be-react-3\" post-id=\"2393\" class=\"be-face-icons un-reacted\" href=\"javascript:void(0)\">\n                        <img decoding=\"async\" src=\"https:\/\/karting360.com\/wp-content\/plugins\/booster-extension\/\/assets\/icon\/excited.svg\" alt=\"Excited\">\n                    <\/a>\n                    <div class=\"twp-reaction-title\">\n                        Excited                    <\/div>\n                    <div class=\"twp-count-percent\">\n                                                    <span style=\"display: none;\" class=\"twp-react-count\">0<\/span>\n                                                                        <span class=\"twp-react-percent\"><span>0<\/span> %<\/span>\n                                            <\/div>\n                <\/div>\n\n                <div class=\"twp-reacts-wrap\">\n                    <a react-data=\"be-react-6\" post-id=\"2393\" class=\"be-face-icons un-reacted\" href=\"javascript:void(0)\">\n                        <img decoding=\"async\" src=\"https:\/\/karting360.com\/wp-content\/plugins\/booster-extension\/\/assets\/icon\/sleepy.svg\" alt=\"Sleepy\">\n                    <\/a>\n                    <div class=\"twp-reaction-title\">\n                        Sleepy                    <\/div>\n                    <div class=\"twp-count-percent\">\n                                                    <span style=\"display: none;\" class=\"twp-react-count\">0<\/span>\n                        \n                                                <span class=\"twp-react-percent\"><span>0<\/span> %<\/span>\n                                            <\/div>\n                <\/div>\n\n                <div class=\"twp-reacts-wrap\">\n                    <a react-data=\"be-react-4\" post-id=\"2393\" class=\"be-face-icons un-reacted\" href=\"javascript:void(0)\">\n                        <img decoding=\"async\" src=\"https:\/\/karting360.com\/wp-content\/plugins\/booster-extension\/\/assets\/icon\/angry.svg\" alt=\"Angry\">\n                    <\/a>\n                    <div class=\"twp-reaction-title\">Angry<\/div>\n                    <div class=\"twp-count-percent\">\n                                                    <span style=\"display: none;\" class=\"twp-react-count\">0<\/span>\n                                                                        <span class=\"twp-react-percent\"><span>0<\/span> %<\/span>\n                        \n                    <\/div>\n                <\/div>\n\n                <div class=\"twp-reacts-wrap\">\n                    <a react-data=\"be-react-5\" post-id=\"2393\" class=\"be-face-icons un-reacted\" href=\"javascript:void(0)\">\n                        <img decoding=\"async\" src=\"https:\/\/karting360.com\/wp-content\/plugins\/booster-extension\/\/assets\/icon\/surprise.svg\" alt=\"Surprise\">\n                    <\/a>\n                    <div class=\"twp-reaction-title\">Surprise<\/div>\n                    <div class=\"twp-count-percent\">\n                                                    <span style=\"display: none;\" class=\"twp-react-count\">0<\/span>\n                                                                        <span class=\"twp-react-percent\"><span>0<\/span> %<\/span>\n                                            <\/div>\n                <\/div>\n\n            <\/div>\n        <\/div>\n\n    ","protected":false},"excerpt":{"rendered":"<p>Aroa Fern\u00e1ndez V\u00e1zquez y Bruno \u00c1lvarez Garc\u00eda completan el podio en Caba\u00f1as Raras<\/p>\n","protected":false},"author":1,"featured_media":2394,"comment_status":"open","ping_status":"open","sticky":false,"template":"","format":"standard","meta":{"footnotes":"","jetpack_publicize_message":"","jetpack_publicize_feature_enabled":true,"jetpack_social_post_already_shared":true,"jetpack_social_options":{"image_generator_settings":{"template":"highway","default_image_id":0,"font":"","enabled":false},"version":2}},"categories":[1],"tags":[335],"class_list":["post-2393","post","type-post","status-publish","format-standard","has-post-thumbnail","hentry","category-sin-categoria","tag-campeonatos-karting"],"jetpack_publicize_connections":[],"_links":{"self":[{"href":"https:\/\/karting360.com\/index.php\/wp-json\/wp\/v2\/posts\/2393","targetHints":{"allow":["GET"]}}],"collection":[{"href":"https:\/\/karting360.com\/index.php\/wp-json\/wp\/v2\/posts"}],"about":[{"href":"https:\/\/karting360.com\/index.php\/wp-json\/wp\/v2\/types\/post"}],"author":[{"embeddable":true,"href":"https:\/\/karting360.com\/index.php\/wp-json\/wp\/v2\/users\/1"}],"replies":[{"embeddable":true,"href":"https:\/\/karting360.com\/index.php\/wp-json\/wp\/v2\/comments?post=2393"}],"version-history":[{"count":0,"href":"https:\/\/karting360.com\/index.php\/wp-json\/wp\/v2\/posts\/2393\/revisions"}],"wp:featuredmedia":[{"embeddable":true,"href":"https:\/\/karting360.com\/index.php\/wp-json\/wp\/v2\/media\/2394"}],"wp:attachment":[{"href":"https:\/\/karting360.com\/index.php\/wp-json\/wp\/v2\/media?parent=2393"}],"wp:term":[{"taxonomy":"category","embeddable":true,"href":"https:\/\/karting360.com\/index.php\/wp-json\/wp\/v2\/categories?post=2393"},{"taxonomy":"post_tag","embeddable":true,"href":"https:\/\/karting360.com\/index.php\/wp-json\/wp\/v2\/tags?post=2393"}],"curies":[{"name":"wp","href":"https:\/\/api.w.org\/{rel}","templated":true}]}}