{"id":2374,"date":"2026-03-07T08:50:05","date_gmt":"2026-03-07T07:50:05","guid":{"rendered":"https:\/\/karting360.com\/index.php\/2026\/03\/07\/vicente-capela-se-prepara-para-el-campeonato-portugal-de-karting-en-viana-do-castelo\/"},"modified":"2026-03-07T08:50:05","modified_gmt":"2026-03-07T07:50:05","slug":"vicente-capela-se-prepara-para-el-campeonato-portugal-de-karting-en-viana-do-castelo","status":"publish","type":"post","link":"https:\/\/karting360.com\/index.php\/2026\/03\/07\/vicente-capela-se-prepara-para-el-campeonato-portugal-de-karting-en-viana-do-castelo\/","title":{"rendered":"Vicente Capela se prepara para el Campeonato Portugal de Karting en Viana do Castelo"},"content":{"rendered":"<div class='booster-block booster-read-block'>\n                <div class=\"twp-read-time\">\n                \t<i class=\"booster-icon twp-clock\"><\/i> <span>Read Time:<\/span>2 Minute, 30 Second                <\/div>\n\n            <\/div><p>El pr\u00f3ximo 5 de marzo de 2026, Viana do Castelo se convertir\u00e1 en el epicentro del karting en Portugal con el estreno del Campeonato Portugal de Karting. Este evento, organizado por KMCom en colaboraci\u00f3n con la Federaci\u00f3n Portuguesa de Automovilismo y Karting (FPAK), promete ser una competici\u00f3n de alto nivel que reunir\u00e1 a los mejores talentos del pa\u00eds. Entre ellos, destaca la participaci\u00f3n de Vicente Capela, un joven piloto de Beja que ha demostrado ser una promesa en ascenso en el mundo del karting.<\/p>\n<p>Vicente Capela, quien compite para el equipo Interkranin, ha captado la atenci\u00f3n del circuito tras su destacada actuaci\u00f3n en la Winter Cup, donde logr\u00f3 posicionarse entre los cinco mejores en la categor\u00eda X30 J\u00fanior. Este resultado ha generado grandes expectativas para su desempe\u00f1o en Viana do Castelo, donde buscar\u00e1 consolidarse como uno de los pilotos m\u00e1s prometedores del campeonato.<\/p>\n<p>El Campeonato Portugal de Karting no solo es una plataforma para j\u00f3venes talentos como Capela, sino tambi\u00e9n un evento que re\u00fane a equipos de renombre como Crinabel y Equipa J\u00fanior Racing Team. Estos equipos, junto con pilotos experimentados como Adriana Vaz y Christian Vaz, aportan un nivel de competencia que eleva el prestigio del campeonato.<\/p>\n<p>Adem\u00e1s de Vicente Capela, otros nombres a seguir de cerca incluyen a Tony Clark y Super M\u00e1rio, quienes tambi\u00e9n han mostrado un rendimiento notable en competiciones previas. La presencia de estos pilotos asegura una competici\u00f3n re\u00f1ida y emocionante, donde cada vuelta puede ser decisiva.<\/p>\n<p>El circuito de Viana do Castelo, conocido por sus exigentes curvas y rectas que ponen a prueba la destreza de los pilotos, ser\u00e1 el escenario perfecto para que Capela demuestre su habilidad y determinaci\u00f3n. Con el respaldo de su equipo y el impulso de su reciente \u00e9xito, Capela se perfila como un fuerte contendiente para alcanzar el podio en la categor\u00eda X30 J\u00fanior.<\/p>\n<p>El impacto de este campeonato va m\u00e1s all\u00e1 de los resultados individuales. Para la ciudad de Viana do Castelo, el evento representa una oportunidad de promoci\u00f3n tur\u00edstica y econ\u00f3mica, atrayendo a aficionados del karting de todo el pa\u00eds y del extranjero. Adem\u00e1s, para los j\u00f3venes pilotos, es una ocasi\u00f3n para ganar experiencia y visibilidad en un deporte que requiere no solo talento, sino tambi\u00e9n dedicaci\u00f3n y estrategia.<\/p>\n<p>Con el inicio del campeonato a la vuelta de la esquina, los equipos y pilotos est\u00e1n en la fase final de preparaci\u00f3n, ajustando detalles t\u00e9cnicos y estrategias de carrera. La expectativa es alta, y tanto los participantes como los organizadores esperan que el evento sea un \u00e9xito rotundo.<\/p>\n<p>En conclusi\u00f3n, el Campeonato Portugal de Karting en Viana do Castelo se presenta como un evento clave para el desarrollo del karting en Portugal. Vicente Capela, con su talento y determinaci\u00f3n, buscar\u00e1 dejar su huella en esta competici\u00f3n, aspirando a un lugar en el podio que confirme su potencial y abra nuevas puertas en su carrera deportiva. La ciudad de Viana do Castelo, por su parte, se prepara para recibir a los mejores del karting, en un evento que promete ser inolvidable.<\/p>\n        <div class=\"booster-block booster-reactions-block\">\n            <div class=\"twp-reactions-icons\">\n                \n                <div class=\"twp-reacts-wrap\">\n                    <a react-data=\"be-react-1\" post-id=\"2374\" class=\"be-face-icons un-reacted\" href=\"javascript:void(0)\">\n                        <img decoding=\"async\" src=\"https:\/\/karting360.com\/wp-content\/plugins\/booster-extension\/\/assets\/icon\/happy.svg\" alt=\"Happy\">\n                    <\/a>\n                    <div class=\"twp-reaction-title\">\n                        Happy                    <\/div>\n                    <div class=\"twp-count-percent\">\n                                                    <span style=\"display: none;\" class=\"twp-react-count\">0<\/span>\n                        \n                                                <span class=\"twp-react-percent\"><span>0<\/span> %<\/span>\n                                            <\/div>\n                <\/div>\n\n                <div class=\"twp-reacts-wrap\">\n                    <a react-data=\"be-react-2\" post-id=\"2374\" class=\"be-face-icons un-reacted\" href=\"javascript:void(0)\">\n                        <img decoding=\"async\" src=\"https:\/\/karting360.com\/wp-content\/plugins\/booster-extension\/\/assets\/icon\/sad.svg\" alt=\"Sad\">\n                    <\/a>\n                    <div class=\"twp-reaction-title\">\n                        Sad                    <\/div>\n                    <div class=\"twp-count-percent\">\n                                                    <span style=\"display: none;\" class=\"twp-react-count\">0<\/span>\n                                                                        <span class=\"twp-react-percent\"><span>0<\/span> %<\/span>\n                                            <\/div>\n                <\/div>\n\n                <div class=\"twp-reacts-wrap\">\n                    <a react-data=\"be-react-3\" post-id=\"2374\" class=\"be-face-icons un-reacted\" href=\"javascript:void(0)\">\n                        <img decoding=\"async\" src=\"https:\/\/karting360.com\/wp-content\/plugins\/booster-extension\/\/assets\/icon\/excited.svg\" alt=\"Excited\">\n                    <\/a>\n                    <div class=\"twp-reaction-title\">\n                        Excited                    <\/div>\n                    <div class=\"twp-count-percent\">\n                                                    <span style=\"display: none;\" class=\"twp-react-count\">0<\/span>\n                                                                        <span class=\"twp-react-percent\"><span>0<\/span> %<\/span>\n                                            <\/div>\n                <\/div>\n\n                <div class=\"twp-reacts-wrap\">\n                    <a react-data=\"be-react-6\" post-id=\"2374\" class=\"be-face-icons un-reacted\" href=\"javascript:void(0)\">\n                        <img decoding=\"async\" src=\"https:\/\/karting360.com\/wp-content\/plugins\/booster-extension\/\/assets\/icon\/sleepy.svg\" alt=\"Sleepy\">\n                    <\/a>\n                    <div class=\"twp-reaction-title\">\n                        Sleepy                    <\/div>\n                    <div class=\"twp-count-percent\">\n                                                    <span style=\"display: none;\" class=\"twp-react-count\">0<\/span>\n                        \n                                                <span class=\"twp-react-percent\"><span>0<\/span> %<\/span>\n                                            <\/div>\n                <\/div>\n\n                <div class=\"twp-reacts-wrap\">\n                    <a react-data=\"be-react-4\" post-id=\"2374\" class=\"be-face-icons un-reacted\" href=\"javascript:void(0)\">\n                        <img decoding=\"async\" src=\"https:\/\/karting360.com\/wp-content\/plugins\/booster-extension\/\/assets\/icon\/angry.svg\" alt=\"Angry\">\n                    <\/a>\n                    <div class=\"twp-reaction-title\">Angry<\/div>\n                    <div class=\"twp-count-percent\">\n                                                    <span style=\"display: none;\" class=\"twp-react-count\">0<\/span>\n                                                                        <span class=\"twp-react-percent\"><span>0<\/span> %<\/span>\n                        \n                    <\/div>\n                <\/div>\n\n                <div class=\"twp-reacts-wrap\">\n                    <a react-data=\"be-react-5\" post-id=\"2374\" class=\"be-face-icons un-reacted\" href=\"javascript:void(0)\">\n                        <img decoding=\"async\" src=\"https:\/\/karting360.com\/wp-content\/plugins\/booster-extension\/\/assets\/icon\/surprise.svg\" alt=\"Surprise\">\n                    <\/a>\n                    <div class=\"twp-reaction-title\">Surprise<\/div>\n                    <div class=\"twp-count-percent\">\n                                                    <span style=\"display: none;\" class=\"twp-react-count\">0<\/span>\n                                                                        <span class=\"twp-react-percent\"><span>0<\/span> %<\/span>\n                                            <\/div>\n                <\/div>\n\n            <\/div>\n        <\/div>\n\n    ","protected":false},"excerpt":{"rendered":"<p>El piloto de Beja busca un lugar en el podio en la categor\u00eda X30 J\u00fanior tras su \u00e9xito en la Winter Cup.<\/p>\n","protected":false},"author":1,"featured_media":2375,"comment_status":"open","ping_status":"open","sticky":false,"template":"","format":"standard","meta":{"footnotes":"","jetpack_publicize_message":"","jetpack_publicize_feature_enabled":true,"jetpack_social_post_already_shared":true,"jetpack_social_options":{"image_generator_settings":{"template":"highway","default_image_id":0,"font":"","enabled":false},"version":2}},"categories":[1],"tags":[335],"class_list":["post-2374","post","type-post","status-publish","format-standard","has-post-thumbnail","hentry","category-sin-categoria","tag-campeonatos-karting"],"jetpack_publicize_connections":[],"_links":{"self":[{"href":"https:\/\/karting360.com\/index.php\/wp-json\/wp\/v2\/posts\/2374","targetHints":{"allow":["GET"]}}],"collection":[{"href":"https:\/\/karting360.com\/index.php\/wp-json\/wp\/v2\/posts"}],"about":[{"href":"https:\/\/karting360.com\/index.php\/wp-json\/wp\/v2\/types\/post"}],"author":[{"embeddable":true,"href":"https:\/\/karting360.com\/index.php\/wp-json\/wp\/v2\/users\/1"}],"replies":[{"embeddable":true,"href":"https:\/\/karting360.com\/index.php\/wp-json\/wp\/v2\/comments?post=2374"}],"version-history":[{"count":0,"href":"https:\/\/karting360.com\/index.php\/wp-json\/wp\/v2\/posts\/2374\/revisions"}],"wp:featuredmedia":[{"embeddable":true,"href":"https:\/\/karting360.com\/index.php\/wp-json\/wp\/v2\/media\/2375"}],"wp:attachment":[{"href":"https:\/\/karting360.com\/index.php\/wp-json\/wp\/v2\/media?parent=2374"}],"wp:term":[{"taxonomy":"category","embeddable":true,"href":"https:\/\/karting360.com\/index.php\/wp-json\/wp\/v2\/categories?post=2374"},{"taxonomy":"post_tag","embeddable":true,"href":"https:\/\/karting360.com\/index.php\/wp-json\/wp\/v2\/tags?post=2374"}],"curies":[{"name":"wp","href":"https:\/\/api.w.org\/{rel}","templated":true}]}}